{"id":2668,"date":"2025-07-11T10:01:16","date_gmt":"2025-07-11T08:01:16","guid":{"rendered":"https:\/\/vakantiefestival.com\/sea-tours-cruises-confirms-participation-in-vakantie-festival-2026\/"},"modified":"2025-07-11T10:01:16","modified_gmt":"2025-07-11T08:01:16","slug":"sea-tours-cruises-confirms-participation-in-vakantie-festival-2026","status":"publish","type":"post","link":"https:\/\/vakantiefestival.com\/en\/sea-tours-cruises-confirms-participation-in-vakantie-festival-2026\/","title":{"rendered":"Sea Tours Cruises confirms participation in Vakantie Festival 2026"},"content":{"rendered":"<p><strong>The Vakantie Festival, which will take place in the spring of 2026 in the Brabanthallen in &#8216;s-Hertogenbosch, can once again welcome a strong name from the cruise industry: Zeetours Cruises has officially confirmed its participation. The Rotterdam-based cruise specialist is therefore a valuable addition to the festival&#8217;s growing field of participants. <\/strong><\/p>\n<p>Mirella de Kock-Houmes (Managing Director of Zeetours Cruises), explains the choice: &#8220;For us, cruising is all about comfort, discovery and the convenience of traveling without packing. At the Vakantie Festival , we want to show how accessible and versatile a cruise holiday can be, from families to couples and solo travellers. It is a wonderful platform to get in direct contact with a curious and travel-loving audience.&#8217;<\/p>\n<p>In recent years, Zeetours Cruises has positioned itself as one of the leading cruise specialists in the Netherlands. With a wide range of shipping companies and personal service, Zeetours advises thousands of Dutch people every year in finding their ideal cruise holiday. <\/p>\n<p>T.J. van Apeldoorn (co-founder of the Vakantie Festival), responds enthusiastically: &#8216;Zeetours has been a familiar face in the cruise industry for years. Their participation underlines the confidence in our concept and in the power of live contact with the traveler. We are proud that they are there.&#8217;<\/p>\n<p>Co-founder Frits Kuijper also sees Zeetours as an important addition: &#8216;Zeetours is a leading party in the cruise sector and knows this product through and through. That makes them a valuable partner for the festival and for the visitor who is orienting his next holiday.&#8217;<\/p>\n<p>The Vakantie Festival will take place in the spring of 2026 in &#8216;s-Hertogenbosch. The event brings together travel providers, destinations and travel lifestyle brands in an inspiring setting full of advice, experience and entertainment. <\/p>\n<p>Curious about the participation options?  <a href=\"http:\/\/www.vakantiefestival.com\/info\">www.vakantiefestival.com\/info<\/a><\/p>\n<p><em>The following parties have already confirmed their participation in the Vakantie Festival 2026: Prijsvrij &amp; D-reizen, CroisiEurope, Royal Caribbean, Celebrity Cruises, Justcurious, Avila Reizen, Cura\u00e7ao Tourist Board, Just be Travellers, Le Beau Reizen, Travel Legends, LionsDive Beach Resort Cura\u00e7ao, Avila Beach Hotel Cura\u00e7ao, BlueFinn Charters (Cura\u00e7ao), Scuba Do (Cura\u00e7ao), X-Over and Excap.<\/em><\/p>\n","protected":false},"excerpt":{"rendered":"<p>The Vakantie Festival, which will take place in the spring of 2026 in the Brabanthallen in &#8216;s-Hertogenbosch, can once again&#8230;<\/p>\n","protected":false},"author":6,"featured_media":2666,"comment_status":"open","ping_status":"open","sticky":false,"template":"","format":"standard","meta":{"_acf_changed":false,"footnotes":""},"categories":[1],"tags":[],"type-vakantie":[],"class_list":["post-2668","post","type-post","status-publish","format-standard","has-post-thumbnail","hentry","category-netherlands","blog-item clearfix"],"acf":[],"yoast_head":"<!-- This site is optimized with the Yoast SEO Premium plugin v27.5 (Yoast SEO v27.5) - https:\/\/yoast.com\/product\/yoast-seo-premium-wordpress\/ -->\n<title>Sea Tours Cruises confirms participation in Vakantie Festival 2026 - Vakantie Festival 2026<\/title>\n<meta name=\"robots\" content=\"index, follow, max-snippet:-1, max-image-preview:large, max-video-preview:-1\" \/>\n<link rel=\"canonical\" href=\"https:\/\/vakantiefestival.com\/en\/sea-tours-cruises-confirms-participation-in-vakantie-festival-2026\/\" \/>\n<meta property=\"og:locale\" content=\"en_US\" \/>\n<meta property=\"og:type\" content=\"article\" \/>\n<meta property=\"og:title\" content=\"Sea Tours Cruises confirms participation in Vakantie Festival 2026\" \/>\n<meta property=\"og:description\" content=\"The Vakantie Festival, which will take place in the spring of 2026 in the Brabanthallen in &#8216;s-Hertogenbosch, can once again...\" \/>\n<meta property=\"og:url\" content=\"https:\/\/vakantiefestival.com\/en\/sea-tours-cruises-confirms-participation-in-vakantie-festival-2026\/\" \/>\n<meta property=\"og:site_name\" content=\"Vakantie Festival 2026\" \/>\n<meta property=\"article:publisher\" content=\"https:\/\/www.facebook.com\/VakantieFestivalNL\" \/>\n<meta property=\"article:author\" content=\"https:\/\/www.facebook.com\/VakantieFestivalNL\" \/>\n<meta property=\"article:published_time\" content=\"2025-07-11T08:01:16+00:00\" \/>\n<meta property=\"og:image\" content=\"https:\/\/vakantiefestival.com\/wp-content\/uploads\/2025\/07\/Vakantie-Festival-TM-5.png\" \/>\n\t<meta property=\"og:image:width\" content=\"750\" \/>\n\t<meta property=\"og:image:height\" content=\"420\" \/>\n\t<meta property=\"og:image:type\" content=\"image\/png\" \/>\n<meta name=\"author\" content=\"Vakantie Festival\" \/>\n<meta name=\"twitter:card\" content=\"summary_large_image\" \/>\n<meta name=\"twitter:label1\" content=\"Written by\" \/>\n\t<meta name=\"twitter:data1\" content=\"Vakantie Festival\" \/>\n\t<meta name=\"twitter:label2\" content=\"Est. reading time\" \/>\n\t<meta name=\"twitter:data2\" content=\"2 minutes\" \/>\n<script type=\"application\/ld+json\" class=\"yoast-schema-graph\">{\"@context\":\"https:\\\/\\\/schema.org\",\"@graph\":[{\"@type\":\"Article\",\"@id\":\"https:\\\/\\\/vakantiefestival.com\\\/en\\\/sea-tours-cruises-confirms-participation-in-vakantie-festival-2026\\\/#article\",\"isPartOf\":{\"@id\":\"https:\\\/\\\/vakantiefestival.com\\\/en\\\/sea-tours-cruises-confirms-participation-in-vakantie-festival-2026\\\/\"},\"author\":{\"name\":\"Vakantie Festival\",\"@id\":\"https:\\\/\\\/vakantiefestival.com\\\/en\\\/#\\\/schema\\\/person\\\/c1a86f56f3c1a1b1498f9cdffbe17688\"},\"headline\":\"Sea Tours Cruises confirms participation in Vakantie Festival 2026\",\"datePublished\":\"2025-07-11T08:01:16+00:00\",\"mainEntityOfPage\":{\"@id\":\"https:\\\/\\\/vakantiefestival.com\\\/en\\\/sea-tours-cruises-confirms-participation-in-vakantie-festival-2026\\\/\"},\"wordCount\":358,\"commentCount\":0,\"publisher\":{\"@id\":\"https:\\\/\\\/vakantiefestival.com\\\/en\\\/#organization\"},\"image\":{\"@id\":\"https:\\\/\\\/vakantiefestival.com\\\/en\\\/sea-tours-cruises-confirms-participation-in-vakantie-festival-2026\\\/#primaryimage\"},\"thumbnailUrl\":\"https:\\\/\\\/vakantiefestival.com\\\/wp-content\\\/uploads\\\/2025\\\/07\\\/Vakantie-Festival-TM-5.png\",\"articleSection\":[\"Netherlands\"],\"inLanguage\":\"en-US\",\"potentialAction\":[{\"@type\":\"CommentAction\",\"name\":\"Comment\",\"target\":[\"https:\\\/\\\/vakantiefestival.com\\\/en\\\/sea-tours-cruises-confirms-participation-in-vakantie-festival-2026\\\/#respond\"]}]},{\"@type\":\"WebPage\",\"@id\":\"https:\\\/\\\/vakantiefestival.com\\\/en\\\/sea-tours-cruises-confirms-participation-in-vakantie-festival-2026\\\/\",\"url\":\"https:\\\/\\\/vakantiefestival.com\\\/en\\\/sea-tours-cruises-confirms-participation-in-vakantie-festival-2026\\\/\",\"name\":\"Sea Tours Cruises confirms participation in Vakantie Festival 2026 - Vakantie Festival 2026\",\"isPartOf\":{\"@id\":\"https:\\\/\\\/vakantiefestival.com\\\/en\\\/#website\"},\"primaryImageOfPage\":{\"@id\":\"https:\\\/\\\/vakantiefestival.com\\\/en\\\/sea-tours-cruises-confirms-participation-in-vakantie-festival-2026\\\/#primaryimage\"},\"image\":{\"@id\":\"https:\\\/\\\/vakantiefestival.com\\\/en\\\/sea-tours-cruises-confirms-participation-in-vakantie-festival-2026\\\/#primaryimage\"},\"thumbnailUrl\":\"https:\\\/\\\/vakantiefestival.com\\\/wp-content\\\/uploads\\\/2025\\\/07\\\/Vakantie-Festival-TM-5.png\",\"datePublished\":\"2025-07-11T08:01:16+00:00\",\"breadcrumb\":{\"@id\":\"https:\\\/\\\/vakantiefestival.com\\\/en\\\/sea-tours-cruises-confirms-participation-in-vakantie-festival-2026\\\/#breadcrumb\"},\"inLanguage\":\"en-US\",\"potentialAction\":[{\"@type\":\"ReadAction\",\"target\":[\"https:\\\/\\\/vakantiefestival.com\\\/en\\\/sea-tours-cruises-confirms-participation-in-vakantie-festival-2026\\\/\"]}]},{\"@type\":\"ImageObject\",\"inLanguage\":\"en-US\",\"@id\":\"https:\\\/\\\/vakantiefestival.com\\\/en\\\/sea-tours-cruises-confirms-participation-in-vakantie-festival-2026\\\/#primaryimage\",\"url\":\"https:\\\/\\\/vakantiefestival.com\\\/wp-content\\\/uploads\\\/2025\\\/07\\\/Vakantie-Festival-TM-5.png\",\"contentUrl\":\"https:\\\/\\\/vakantiefestival.com\\\/wp-content\\\/uploads\\\/2025\\\/07\\\/Vakantie-Festival-TM-5.png\",\"width\":750,\"height\":420},{\"@type\":\"BreadcrumbList\",\"@id\":\"https:\\\/\\\/vakantiefestival.com\\\/en\\\/sea-tours-cruises-confirms-participation-in-vakantie-festival-2026\\\/#breadcrumb\",\"itemListElement\":[{\"@type\":\"ListItem\",\"position\":1,\"name\":\"Home\",\"item\":\"https:\\\/\\\/vakantiefestival.com\\\/en\\\/holiday-festival-2026\\\/\"},{\"@type\":\"ListItem\",\"position\":2,\"name\":\"Sea Tours Cruises confirms participation in Vakantie Festival 2026\"}]},{\"@type\":\"WebSite\",\"@id\":\"https:\\\/\\\/vakantiefestival.com\\\/en\\\/#website\",\"url\":\"https:\\\/\\\/vakantiefestival.com\\\/en\\\/\",\"name\":\"Vakantie Festival 2026\",\"description\":\"Ontsnap naar een wereld van inspiratie\",\"publisher\":{\"@id\":\"https:\\\/\\\/vakantiefestival.com\\\/en\\\/#organization\"},\"potentialAction\":[{\"@type\":\"SearchAction\",\"target\":{\"@type\":\"EntryPoint\",\"urlTemplate\":\"https:\\\/\\\/vakantiefestival.com\\\/en\\\/?s={search_term_string}\"},\"query-input\":{\"@type\":\"PropertyValueSpecification\",\"valueRequired\":true,\"valueName\":\"search_term_string\"}}],\"inLanguage\":\"en-US\"},{\"@type\":\"Organization\",\"@id\":\"https:\\\/\\\/vakantiefestival.com\\\/en\\\/#organization\",\"name\":\"Vakantie Festival 2026\",\"url\":\"https:\\\/\\\/vakantiefestival.com\\\/en\\\/\",\"logo\":{\"@type\":\"ImageObject\",\"inLanguage\":\"en-US\",\"@id\":\"https:\\\/\\\/vakantiefestival.com\\\/en\\\/#\\\/schema\\\/logo\\\/image\\\/\",\"url\":\"https:\\\/\\\/vakantiefestival.com\\\/wp-content\\\/uploads\\\/2024\\\/12\\\/Vakantie-Festival-exposanten-logoTekengebied-9-kopie-100.png\",\"contentUrl\":\"https:\\\/\\\/vakantiefestival.com\\\/wp-content\\\/uploads\\\/2024\\\/12\\\/Vakantie-Festival-exposanten-logoTekengebied-9-kopie-100.png\",\"width\":1135,\"height\":1135,\"caption\":\"Vakantie Festival 2026\"},\"image\":{\"@id\":\"https:\\\/\\\/vakantiefestival.com\\\/en\\\/#\\\/schema\\\/logo\\\/image\\\/\"},\"sameAs\":[\"https:\\\/\\\/www.facebook.com\\\/VakantieFestivalNL\",\"https:\\\/\\\/www.linkedin.com\\\/company\\\/vakantie-festival\\\/\",\"https:\\\/\\\/www.instagram.com\\\/vakantiefestival\\\/\"],\"description\":\"Welkom bij het Vakantie Festival, het meest vernieuwende reisevenement van Nederland! Van donderdag 5 tot en met zaterdag 7 februari 2026 worden de Brabanthallen in 's-Hertogenbosch omgetoverd tot een magische plek waar jouw vakantieplannen tot leven komen.\",\"email\":\"info@vakantiefestival.com\",\"telephone\":\"+0854868541\",\"legalName\":\"Vakantie Festival\",\"numberOfEmployees\":{\"@type\":\"QuantitativeValue\",\"minValue\":\"1\",\"maxValue\":\"10\"}},{\"@type\":\"Person\",\"@id\":\"https:\\\/\\\/vakantiefestival.com\\\/en\\\/#\\\/schema\\\/person\\\/c1a86f56f3c1a1b1498f9cdffbe17688\",\"name\":\"Vakantie Festival\",\"image\":{\"@type\":\"ImageObject\",\"inLanguage\":\"en-US\",\"@id\":\"https:\\\/\\\/vakantiefestival.com\\\/wp-content\\\/uploads\\\/2025\\\/06\\\/vakantie-festival_avatar-96x96.png\",\"url\":\"https:\\\/\\\/vakantiefestival.com\\\/wp-content\\\/uploads\\\/2025\\\/06\\\/vakantie-festival_avatar-96x96.png\",\"contentUrl\":\"https:\\\/\\\/vakantiefestival.com\\\/wp-content\\\/uploads\\\/2025\\\/06\\\/vakantie-festival_avatar-96x96.png\",\"caption\":\"Vakantie Festival\"},\"description\":\"Door de mensen van Het Vakantie Festival. We delen hier inspiratie, tips en behind-the-scenes. Voor iedereen die zin heeft in vakantie, het hele jaar door. Volg ons op weg naar het mooiste reisevenement van 2026!\",\"sameAs\":[\"https:\\\/\\\/www.facebook.com\\\/VakantieFestivalNL\",\"https:\\\/\\\/www.instagram.com\\\/vakantiefestival\\\/\",\"https:\\\/\\\/www.linkedin.com\\\/company\\\/106009897\\\/admin\\\/dashboard\\\/\"],\"url\":\"https:\\\/\\\/vakantiefestival.com\\\/en\\\/company\\\/vakantie-festival\\\/\"}]}<\/script>\n<!-- \/ Yoast SEO Premium plugin. -->","yoast_head_json":{"title":"Sea Tours Cruises confirms participation in Vakantie Festival 2026 - Vakantie Festival 2026","robots":{"index":"index","follow":"follow","max-snippet":"max-snippet:-1","max-image-preview":"max-image-preview:large","max-video-preview":"max-video-preview:-1"},"canonical":"https:\/\/vakantiefestival.com\/en\/sea-tours-cruises-confirms-participation-in-vakantie-festival-2026\/","og_locale":"en_US","og_type":"article","og_title":"Sea Tours Cruises confirms participation in Vakantie Festival 2026","og_description":"The Vakantie Festival, which will take place in the spring of 2026 in the Brabanthallen in &#8216;s-Hertogenbosch, can once again...","og_url":"https:\/\/vakantiefestival.com\/en\/sea-tours-cruises-confirms-participation-in-vakantie-festival-2026\/","og_site_name":"Vakantie Festival 2026","article_publisher":"https:\/\/www.facebook.com\/VakantieFestivalNL","article_author":"https:\/\/www.facebook.com\/VakantieFestivalNL","article_published_time":"2025-07-11T08:01:16+00:00","og_image":[{"width":750,"height":420,"url":"https:\/\/vakantiefestival.com\/wp-content\/uploads\/2025\/07\/Vakantie-Festival-TM-5.png","type":"image\/png"}],"author":"Vakantie Festival","twitter_card":"summary_large_image","twitter_misc":{"Written by":"Vakantie Festival","Est. reading time":"2 minutes"},"schema":{"@context":"https:\/\/schema.org","@graph":[{"@type":"Article","@id":"https:\/\/vakantiefestival.com\/en\/sea-tours-cruises-confirms-participation-in-vakantie-festival-2026\/#article","isPartOf":{"@id":"https:\/\/vakantiefestival.com\/en\/sea-tours-cruises-confirms-participation-in-vakantie-festival-2026\/"},"author":{"name":"Vakantie Festival","@id":"https:\/\/vakantiefestival.com\/en\/#\/schema\/person\/c1a86f56f3c1a1b1498f9cdffbe17688"},"headline":"Sea Tours Cruises confirms participation in Vakantie Festival 2026","datePublished":"2025-07-11T08:01:16+00:00","mainEntityOfPage":{"@id":"https:\/\/vakantiefestival.com\/en\/sea-tours-cruises-confirms-participation-in-vakantie-festival-2026\/"},"wordCount":358,"commentCount":0,"publisher":{"@id":"https:\/\/vakantiefestival.com\/en\/#organization"},"image":{"@id":"https:\/\/vakantiefestival.com\/en\/sea-tours-cruises-confirms-participation-in-vakantie-festival-2026\/#primaryimage"},"thumbnailUrl":"https:\/\/vakantiefestival.com\/wp-content\/uploads\/2025\/07\/Vakantie-Festival-TM-5.png","articleSection":["Netherlands"],"inLanguage":"en-US","potentialAction":[{"@type":"CommentAction","name":"Comment","target":["https:\/\/vakantiefestival.com\/en\/sea-tours-cruises-confirms-participation-in-vakantie-festival-2026\/#respond"]}]},{"@type":"WebPage","@id":"https:\/\/vakantiefestival.com\/en\/sea-tours-cruises-confirms-participation-in-vakantie-festival-2026\/","url":"https:\/\/vakantiefestival.com\/en\/sea-tours-cruises-confirms-participation-in-vakantie-festival-2026\/","name":"Sea Tours Cruises confirms participation in Vakantie Festival 2026 - Vakantie Festival 2026","isPartOf":{"@id":"https:\/\/vakantiefestival.com\/en\/#website"},"primaryImageOfPage":{"@id":"https:\/\/vakantiefestival.com\/en\/sea-tours-cruises-confirms-participation-in-vakantie-festival-2026\/#primaryimage"},"image":{"@id":"https:\/\/vakantiefestival.com\/en\/sea-tours-cruises-confirms-participation-in-vakantie-festival-2026\/#primaryimage"},"thumbnailUrl":"https:\/\/vakantiefestival.com\/wp-content\/uploads\/2025\/07\/Vakantie-Festival-TM-5.png","datePublished":"2025-07-11T08:01:16+00:00","breadcrumb":{"@id":"https:\/\/vakantiefestival.com\/en\/sea-tours-cruises-confirms-participation-in-vakantie-festival-2026\/#breadcrumb"},"inLanguage":"en-US","potentialAction":[{"@type":"ReadAction","target":["https:\/\/vakantiefestival.com\/en\/sea-tours-cruises-confirms-participation-in-vakantie-festival-2026\/"]}]},{"@type":"ImageObject","inLanguage":"en-US","@id":"https:\/\/vakantiefestival.com\/en\/sea-tours-cruises-confirms-participation-in-vakantie-festival-2026\/#primaryimage","url":"https:\/\/vakantiefestival.com\/wp-content\/uploads\/2025\/07\/Vakantie-Festival-TM-5.png","contentUrl":"https:\/\/vakantiefestival.com\/wp-content\/uploads\/2025\/07\/Vakantie-Festival-TM-5.png","width":750,"height":420},{"@type":"BreadcrumbList","@id":"https:\/\/vakantiefestival.com\/en\/sea-tours-cruises-confirms-participation-in-vakantie-festival-2026\/#breadcrumb","itemListElement":[{"@type":"ListItem","position":1,"name":"Home","item":"https:\/\/vakantiefestival.com\/en\/holiday-festival-2026\/"},{"@type":"ListItem","position":2,"name":"Sea Tours Cruises confirms participation in Vakantie Festival 2026"}]},{"@type":"WebSite","@id":"https:\/\/vakantiefestival.com\/en\/#website","url":"https:\/\/vakantiefestival.com\/en\/","name":"Vakantie Festival 2026","description":"Ontsnap naar een wereld van inspiratie","publisher":{"@id":"https:\/\/vakantiefestival.com\/en\/#organization"},"potentialAction":[{"@type":"SearchAction","target":{"@type":"EntryPoint","urlTemplate":"https:\/\/vakantiefestival.com\/en\/?s={search_term_string}"},"query-input":{"@type":"PropertyValueSpecification","valueRequired":true,"valueName":"search_term_string"}}],"inLanguage":"en-US"},{"@type":"Organization","@id":"https:\/\/vakantiefestival.com\/en\/#organization","name":"Vakantie Festival 2026","url":"https:\/\/vakantiefestival.com\/en\/","logo":{"@type":"ImageObject","inLanguage":"en-US","@id":"https:\/\/vakantiefestival.com\/en\/#\/schema\/logo\/image\/","url":"https:\/\/vakantiefestival.com\/wp-content\/uploads\/2024\/12\/Vakantie-Festival-exposanten-logoTekengebied-9-kopie-100.png","contentUrl":"https:\/\/vakantiefestival.com\/wp-content\/uploads\/2024\/12\/Vakantie-Festival-exposanten-logoTekengebied-9-kopie-100.png","width":1135,"height":1135,"caption":"Vakantie Festival 2026"},"image":{"@id":"https:\/\/vakantiefestival.com\/en\/#\/schema\/logo\/image\/"},"sameAs":["https:\/\/www.facebook.com\/VakantieFestivalNL","https:\/\/www.linkedin.com\/company\/vakantie-festival\/","https:\/\/www.instagram.com\/vakantiefestival\/"],"description":"Welkom bij het Vakantie Festival, het meest vernieuwende reisevenement van Nederland! Van donderdag 5 tot en met zaterdag 7 februari 2026 worden de Brabanthallen in 's-Hertogenbosch omgetoverd tot een magische plek waar jouw vakantieplannen tot leven komen.","email":"info@vakantiefestival.com","telephone":"+0854868541","legalName":"Vakantie Festival","numberOfEmployees":{"@type":"QuantitativeValue","minValue":"1","maxValue":"10"}},{"@type":"Person","@id":"https:\/\/vakantiefestival.com\/en\/#\/schema\/person\/c1a86f56f3c1a1b1498f9cdffbe17688","name":"Vakantie Festival","image":{"@type":"ImageObject","inLanguage":"en-US","@id":"https:\/\/vakantiefestival.com\/wp-content\/uploads\/2025\/06\/vakantie-festival_avatar-96x96.png","url":"https:\/\/vakantiefestival.com\/wp-content\/uploads\/2025\/06\/vakantie-festival_avatar-96x96.png","contentUrl":"https:\/\/vakantiefestival.com\/wp-content\/uploads\/2025\/06\/vakantie-festival_avatar-96x96.png","caption":"Vakantie Festival"},"description":"Door de mensen van Het Vakantie Festival. We delen hier inspiratie, tips en behind-the-scenes. Voor iedereen die zin heeft in vakantie, het hele jaar door. Volg ons op weg naar het mooiste reisevenement van 2026!","sameAs":["https:\/\/www.facebook.com\/VakantieFestivalNL","https:\/\/www.instagram.com\/vakantiefestival\/","https:\/\/www.linkedin.com\/company\/106009897\/admin\/dashboard\/"],"url":"https:\/\/vakantiefestival.com\/en\/company\/vakantie-festival\/"}]}},"_links":{"self":[{"href":"https:\/\/vakantiefestival.com\/en\/wp-json\/wp\/v2\/posts\/2668","targetHints":{"allow":["GET"]}}],"collection":[{"href":"https:\/\/vakantiefestival.com\/en\/wp-json\/wp\/v2\/posts"}],"about":[{"href":"https:\/\/vakantiefestival.com\/en\/wp-json\/wp\/v2\/types\/post"}],"author":[{"embeddable":true,"href":"https:\/\/vakantiefestival.com\/en\/wp-json\/wp\/v2\/users\/6"}],"replies":[{"embeddable":true,"href":"https:\/\/vakantiefestival.com\/en\/wp-json\/wp\/v2\/comments?post=2668"}],"version-history":[{"count":0,"href":"https:\/\/vakantiefestival.com\/en\/wp-json\/wp\/v2\/posts\/2668\/revisions"}],"wp:featuredmedia":[{"embeddable":true,"href":"https:\/\/vakantiefestival.com\/en\/wp-json\/wp\/v2\/media\/2666"}],"wp:attachment":[{"href":"https:\/\/vakantiefestival.com\/en\/wp-json\/wp\/v2\/media?parent=2668"}],"wp:term":[{"taxonomy":"category","embeddable":true,"href":"https:\/\/vakantiefestival.com\/en\/wp-json\/wp\/v2\/categories?post=2668"},{"taxonomy":"post_tag","embeddable":true,"href":"https:\/\/vakantiefestival.com\/en\/wp-json\/wp\/v2\/tags?post=2668"},{"taxonomy":"type-vakantie","embeddable":true,"href":"https:\/\/vakantiefestival.com\/en\/wp-json\/wp\/v2\/type-vakantie?post=2668"}],"curies":[{"name":"wp","href":"https:\/\/api.w.org\/{rel}","templated":true}]}}