{"id":4970,"date":"2026-01-21T15:51:39","date_gmt":"2026-01-21T14:51:39","guid":{"rendered":"https:\/\/vakantiefestival.com\/acoya-curacao-brings-the-caribbean-charm-to-the-holiday-festival\/"},"modified":"2026-01-21T15:51:39","modified_gmt":"2026-01-21T14:51:39","slug":"acoya-curacao-brings-the-caribbean-charm-to-the-holiday-festival","status":"publish","type":"post","link":"https:\/\/vakantiefestival.com\/en\/acoya-curacao-brings-the-caribbean-charm-to-the-holiday-festival\/","title":{"rendered":"Acoya Cura\u00e7ao brings the Caribbean charm to the Holiday Festival"},"content":{"rendered":"<p><strong>From 5 to 7 February 2026, the Brabanthallen in &#8216;s-Hertogenbosch will be the setting for the very first edition of the Holiday Festival, the new travel lifestyle event in the Netherlands where destinations, travel organizations and travel lifestyle brands come together in an inspiring mix of experience, advice and entertainment.<\/strong><\/p>\n<p><strong>This year, Acoya Cura\u00e7ao, as part of Curacao Tourist Board, will be present at the festival to present the Caribbean charm of Cura\u00e7ao. During the event, visitors can get acquainted with the beautiful offerings of Acoya Cura\u00e7ao, a destination known for its beautiful nature, unique culture, and welcoming atmosphere. <\/strong><\/p>\n<p><strong>A vacation in the heart of the Caribbean<\/strong><br \/>\nAcoya Cura\u00e7ao offers a versatile vacation experience that combines everything you are looking for in a tropical destination: unsullied beaches, colorful markets, luxury resorts, and exotic adventures. Whether you&#8217;re coming for a relaxing beach vacation, cultural discoveries, or adventurous excursions, Cura\u00e7ao has something for everyone. The island is known for its friendly locals, beautiful dive sites, and historical sites that give the island its unique character.  <\/p>\n<p>During the Vacation Festival, visitors can discover more about the island and the different ways Acoya Cura\u00e7ao offers vacationers an authentic Caribbean experience. &#8220;With our participation in the very first edition of the Holiday Festival, we want to show what Acoya Cura\u00e7ao stands for: a unique destination where nature, comfort and the Caribbean lifestyle come together. Acoya Cura\u00e7ao offers stylish accommodations, international gastronomy and a hospitable service, situated around a natural lagoon and surrounded by a lush garden. During the Holiday Festival, we will guide visitors through this multifaceted experience and inspire them for their next trip to Cura\u00e7ao.&#8221; <\/p>\n<p><strong>A valuable addition to the festival<\/strong><br \/>\nAccording to Frits Kuijper, creative director of the Vakantie Festival, Acoya Cura\u00e7ao brings a powerful and inspiring experience to the event. &#8220;Cura\u00e7ao is a destination that never fails to impress. With the presence of Acoya Cura\u00e7ao at our festival, we give visitors the opportunity to experience the versatility of this tropical island, from its culture to nature, and everything in between.&#8221; T.J. van Apeldoorn, strategic director of the Vakantie Festival, emphasizes the significance of their participation for the festival concept. &#8220;With Acoya Cura\u00e7ao, we welcome a destination that perfectly aligns with our ambition to create a broad and inspiring platform. Cura\u00e7ao offers something special for every traveler, and their participation adds value to the festival.&#8221;   <\/p>\n<p><strong>About the Holiday Festival<\/strong><br \/>\nThe Holiday Festival will take place from 5 to 7 February 2026 in the Brabanthallen in &#8216;s-Hertogenbosch and brings together destinations, travel organizations and travel lifestyle brands in an inspiring festival atmosphere full of experience, advice and entertainment. Curious about the possibilities to participate? Check <a href=\"https:\/\/vakantiefestival.com\/en\/info\/\">out https:\/\/vakantiefestival.com\/info<\/a> or contact our team on <a href=\"mailto:sales@vakantiefestival.com\">sales@vakantiefestival.com<\/a> \/ 085 486 85 41.<\/p>\n","protected":false},"excerpt":{"rendered":"<p>From 5 to 7 February 2026, the Brabanthallen in &#8216;s-Hertogenbosch will be the setting for the very first edition of&#8230;<\/p>\n","protected":false},"author":6,"featured_media":4962,"comment_status":"open","ping_status":"open","sticky":false,"template":"","format":"standard","meta":{"_acf_changed":false,"footnotes":""},"categories":[153],"tags":[],"type-vakantie":[],"class_list":["post-4970","post","type-post","status-publish","format-standard","has-post-thumbnail","hentry","category-caribbean","blog-item clearfix"],"acf":[],"yoast_head":"<!-- This site is optimized with the Yoast SEO Premium plugin v27.5 (Yoast SEO v27.5) - https:\/\/yoast.com\/product\/yoast-seo-premium-wordpress\/ -->\n<title>Acoya Cura\u00e7ao brings the Caribbean charm to the Holiday Festival - Vakantie Festival 2026<\/title>\n<meta name=\"robots\" content=\"index, follow, max-snippet:-1, max-image-preview:large, max-video-preview:-1\" \/>\n<link rel=\"canonical\" href=\"https:\/\/vakantiefestival.com\/en\/acoya-curacao-brings-the-caribbean-charm-to-the-holiday-festival\/\" \/>\n<meta property=\"og:locale\" content=\"en_US\" \/>\n<meta property=\"og:type\" content=\"article\" \/>\n<meta property=\"og:title\" content=\"Acoya Cura\u00e7ao brings the Caribbean charm to the Holiday Festival\" \/>\n<meta property=\"og:description\" content=\"From 5 to 7 February 2026, the Brabanthallen in &#8216;s-Hertogenbosch will be the setting for the very first edition of...\" \/>\n<meta property=\"og:url\" content=\"https:\/\/vakantiefestival.com\/en\/acoya-curacao-brings-the-caribbean-charm-to-the-holiday-festival\/\" \/>\n<meta property=\"og:site_name\" content=\"Vakantie Festival 2026\" \/>\n<meta property=\"article:publisher\" content=\"https:\/\/www.facebook.com\/VakantieFestivalNL\" \/>\n<meta property=\"article:author\" content=\"https:\/\/www.facebook.com\/VakantieFestivalNL\" \/>\n<meta property=\"article:published_time\" content=\"2026-01-21T14:51:39+00:00\" \/>\n<meta property=\"og:image\" content=\"https:\/\/vakantiefestival.com\/wp-content\/uploads\/2026\/01\/Vakantie-Festival-TM-12-1.png\" \/>\n\t<meta property=\"og:image:width\" content=\"750\" \/>\n\t<meta property=\"og:image:height\" content=\"420\" \/>\n\t<meta property=\"og:image:type\" content=\"image\/png\" \/>\n<meta name=\"author\" content=\"Vakantie Festival\" \/>\n<meta name=\"twitter:card\" content=\"summary_large_image\" \/>\n<meta name=\"twitter:label1\" content=\"Written by\" \/>\n\t<meta name=\"twitter:data1\" content=\"Vakantie Festival\" \/>\n\t<meta name=\"twitter:label2\" content=\"Est. reading time\" \/>\n\t<meta name=\"twitter:data2\" content=\"2 minutes\" \/>\n<script type=\"application\/ld+json\" class=\"yoast-schema-graph\">{\"@context\":\"https:\\\/\\\/schema.org\",\"@graph\":[{\"@type\":\"Article\",\"@id\":\"https:\\\/\\\/vakantiefestival.com\\\/en\\\/acoya-curacao-brings-the-caribbean-charm-to-the-holiday-festival\\\/#article\",\"isPartOf\":{\"@id\":\"https:\\\/\\\/vakantiefestival.com\\\/en\\\/acoya-curacao-brings-the-caribbean-charm-to-the-holiday-festival\\\/\"},\"author\":{\"name\":\"Vakantie Festival\",\"@id\":\"https:\\\/\\\/vakantiefestival.com\\\/en\\\/#\\\/schema\\\/person\\\/c1a86f56f3c1a1b1498f9cdffbe17688\"},\"headline\":\"Acoya Cura\u00e7ao brings the Caribbean charm to the Holiday Festival\",\"datePublished\":\"2026-01-21T14:51:39+00:00\",\"mainEntityOfPage\":{\"@id\":\"https:\\\/\\\/vakantiefestival.com\\\/en\\\/acoya-curacao-brings-the-caribbean-charm-to-the-holiday-festival\\\/\"},\"wordCount\":476,\"commentCount\":0,\"publisher\":{\"@id\":\"https:\\\/\\\/vakantiefestival.com\\\/en\\\/#organization\"},\"image\":{\"@id\":\"https:\\\/\\\/vakantiefestival.com\\\/en\\\/acoya-curacao-brings-the-caribbean-charm-to-the-holiday-festival\\\/#primaryimage\"},\"thumbnailUrl\":\"https:\\\/\\\/vakantiefestival.com\\\/wp-content\\\/uploads\\\/2026\\\/01\\\/Vakantie-Festival-TM-12-1.png\",\"articleSection\":[\"Caribbean\"],\"inLanguage\":\"en-US\",\"potentialAction\":[{\"@type\":\"CommentAction\",\"name\":\"Comment\",\"target\":[\"https:\\\/\\\/vakantiefestival.com\\\/en\\\/acoya-curacao-brings-the-caribbean-charm-to-the-holiday-festival\\\/#respond\"]}]},{\"@type\":\"WebPage\",\"@id\":\"https:\\\/\\\/vakantiefestival.com\\\/en\\\/acoya-curacao-brings-the-caribbean-charm-to-the-holiday-festival\\\/\",\"url\":\"https:\\\/\\\/vakantiefestival.com\\\/en\\\/acoya-curacao-brings-the-caribbean-charm-to-the-holiday-festival\\\/\",\"name\":\"Acoya Cura\u00e7ao brings the Caribbean charm to the Holiday Festival - Vakantie Festival 2026\",\"isPartOf\":{\"@id\":\"https:\\\/\\\/vakantiefestival.com\\\/en\\\/#website\"},\"primaryImageOfPage\":{\"@id\":\"https:\\\/\\\/vakantiefestival.com\\\/en\\\/acoya-curacao-brings-the-caribbean-charm-to-the-holiday-festival\\\/#primaryimage\"},\"image\":{\"@id\":\"https:\\\/\\\/vakantiefestival.com\\\/en\\\/acoya-curacao-brings-the-caribbean-charm-to-the-holiday-festival\\\/#primaryimage\"},\"thumbnailUrl\":\"https:\\\/\\\/vakantiefestival.com\\\/wp-content\\\/uploads\\\/2026\\\/01\\\/Vakantie-Festival-TM-12-1.png\",\"datePublished\":\"2026-01-21T14:51:39+00:00\",\"breadcrumb\":{\"@id\":\"https:\\\/\\\/vakantiefestival.com\\\/en\\\/acoya-curacao-brings-the-caribbean-charm-to-the-holiday-festival\\\/#breadcrumb\"},\"inLanguage\":\"en-US\",\"potentialAction\":[{\"@type\":\"ReadAction\",\"target\":[\"https:\\\/\\\/vakantiefestival.com\\\/en\\\/acoya-curacao-brings-the-caribbean-charm-to-the-holiday-festival\\\/\"]}]},{\"@type\":\"ImageObject\",\"inLanguage\":\"en-US\",\"@id\":\"https:\\\/\\\/vakantiefestival.com\\\/en\\\/acoya-curacao-brings-the-caribbean-charm-to-the-holiday-festival\\\/#primaryimage\",\"url\":\"https:\\\/\\\/vakantiefestival.com\\\/wp-content\\\/uploads\\\/2026\\\/01\\\/Vakantie-Festival-TM-12-1.png\",\"contentUrl\":\"https:\\\/\\\/vakantiefestival.com\\\/wp-content\\\/uploads\\\/2026\\\/01\\\/Vakantie-Festival-TM-12-1.png\",\"width\":750,\"height\":420,\"caption\":\"Acoya Cura\u00e7ao brengt de Caribische charme naar het Vakantie Festival\"},{\"@type\":\"BreadcrumbList\",\"@id\":\"https:\\\/\\\/vakantiefestival.com\\\/en\\\/acoya-curacao-brings-the-caribbean-charm-to-the-holiday-festival\\\/#breadcrumb\",\"itemListElement\":[{\"@type\":\"ListItem\",\"position\":1,\"name\":\"Home\",\"item\":\"https:\\\/\\\/vakantiefestival.com\\\/en\\\/holiday-festival-2026\\\/\"},{\"@type\":\"ListItem\",\"position\":2,\"name\":\"Acoya Cura\u00e7ao brings the Caribbean charm to the Holiday Festival\"}]},{\"@type\":\"WebSite\",\"@id\":\"https:\\\/\\\/vakantiefestival.com\\\/en\\\/#website\",\"url\":\"https:\\\/\\\/vakantiefestival.com\\\/en\\\/\",\"name\":\"Vakantie Festival 2026\",\"description\":\"Ontsnap naar een wereld van inspiratie\",\"publisher\":{\"@id\":\"https:\\\/\\\/vakantiefestival.com\\\/en\\\/#organization\"},\"potentialAction\":[{\"@type\":\"SearchAction\",\"target\":{\"@type\":\"EntryPoint\",\"urlTemplate\":\"https:\\\/\\\/vakantiefestival.com\\\/en\\\/?s={search_term_string}\"},\"query-input\":{\"@type\":\"PropertyValueSpecification\",\"valueRequired\":true,\"valueName\":\"search_term_string\"}}],\"inLanguage\":\"en-US\"},{\"@type\":\"Organization\",\"@id\":\"https:\\\/\\\/vakantiefestival.com\\\/en\\\/#organization\",\"name\":\"Vakantie Festival 2026\",\"url\":\"https:\\\/\\\/vakantiefestival.com\\\/en\\\/\",\"logo\":{\"@type\":\"ImageObject\",\"inLanguage\":\"en-US\",\"@id\":\"https:\\\/\\\/vakantiefestival.com\\\/en\\\/#\\\/schema\\\/logo\\\/image\\\/\",\"url\":\"https:\\\/\\\/vakantiefestival.com\\\/wp-content\\\/uploads\\\/2024\\\/12\\\/Vakantie-Festival-exposanten-logoTekengebied-9-kopie-100.png\",\"contentUrl\":\"https:\\\/\\\/vakantiefestival.com\\\/wp-content\\\/uploads\\\/2024\\\/12\\\/Vakantie-Festival-exposanten-logoTekengebied-9-kopie-100.png\",\"width\":1135,\"height\":1135,\"caption\":\"Vakantie Festival 2026\"},\"image\":{\"@id\":\"https:\\\/\\\/vakantiefestival.com\\\/en\\\/#\\\/schema\\\/logo\\\/image\\\/\"},\"sameAs\":[\"https:\\\/\\\/www.facebook.com\\\/VakantieFestivalNL\",\"https:\\\/\\\/www.linkedin.com\\\/company\\\/vakantie-festival\\\/\",\"https:\\\/\\\/www.instagram.com\\\/vakantiefestival\\\/\"],\"description\":\"Welkom bij het Vakantie Festival, het meest vernieuwende reisevenement van Nederland! Van donderdag 5 tot en met zaterdag 7 februari 2026 worden de Brabanthallen in 's-Hertogenbosch omgetoverd tot een magische plek waar jouw vakantieplannen tot leven komen.\",\"email\":\"info@vakantiefestival.com\",\"telephone\":\"+0854868541\",\"legalName\":\"Vakantie Festival\",\"numberOfEmployees\":{\"@type\":\"QuantitativeValue\",\"minValue\":\"1\",\"maxValue\":\"10\"}},{\"@type\":\"Person\",\"@id\":\"https:\\\/\\\/vakantiefestival.com\\\/en\\\/#\\\/schema\\\/person\\\/c1a86f56f3c1a1b1498f9cdffbe17688\",\"name\":\"Vakantie Festival\",\"image\":{\"@type\":\"ImageObject\",\"inLanguage\":\"en-US\",\"@id\":\"https:\\\/\\\/vakantiefestival.com\\\/wp-content\\\/uploads\\\/2025\\\/06\\\/vakantie-festival_avatar-96x96.png\",\"url\":\"https:\\\/\\\/vakantiefestival.com\\\/wp-content\\\/uploads\\\/2025\\\/06\\\/vakantie-festival_avatar-96x96.png\",\"contentUrl\":\"https:\\\/\\\/vakantiefestival.com\\\/wp-content\\\/uploads\\\/2025\\\/06\\\/vakantie-festival_avatar-96x96.png\",\"caption\":\"Vakantie Festival\"},\"description\":\"Door de mensen van Het Vakantie Festival. We delen hier inspiratie, tips en behind-the-scenes. Voor iedereen die zin heeft in vakantie, het hele jaar door. Volg ons op weg naar het mooiste reisevenement van 2026!\",\"sameAs\":[\"https:\\\/\\\/www.facebook.com\\\/VakantieFestivalNL\",\"https:\\\/\\\/www.instagram.com\\\/vakantiefestival\\\/\",\"https:\\\/\\\/www.linkedin.com\\\/company\\\/106009897\\\/admin\\\/dashboard\\\/\"],\"url\":\"https:\\\/\\\/vakantiefestival.com\\\/en\\\/company\\\/vakantie-festival\\\/\"}]}<\/script>\n<!-- \/ Yoast SEO Premium plugin. -->","yoast_head_json":{"title":"Acoya Cura\u00e7ao brings the Caribbean charm to the Holiday Festival - Vakantie Festival 2026","robots":{"index":"index","follow":"follow","max-snippet":"max-snippet:-1","max-image-preview":"max-image-preview:large","max-video-preview":"max-video-preview:-1"},"canonical":"https:\/\/vakantiefestival.com\/en\/acoya-curacao-brings-the-caribbean-charm-to-the-holiday-festival\/","og_locale":"en_US","og_type":"article","og_title":"Acoya Cura\u00e7ao brings the Caribbean charm to the Holiday Festival","og_description":"From 5 to 7 February 2026, the Brabanthallen in &#8216;s-Hertogenbosch will be the setting for the very first edition of...","og_url":"https:\/\/vakantiefestival.com\/en\/acoya-curacao-brings-the-caribbean-charm-to-the-holiday-festival\/","og_site_name":"Vakantie Festival 2026","article_publisher":"https:\/\/www.facebook.com\/VakantieFestivalNL","article_author":"https:\/\/www.facebook.com\/VakantieFestivalNL","article_published_time":"2026-01-21T14:51:39+00:00","og_image":[{"width":750,"height":420,"url":"https:\/\/vakantiefestival.com\/wp-content\/uploads\/2026\/01\/Vakantie-Festival-TM-12-1.png","type":"image\/png"}],"author":"Vakantie Festival","twitter_card":"summary_large_image","twitter_misc":{"Written by":"Vakantie Festival","Est. reading time":"2 minutes"},"schema":{"@context":"https:\/\/schema.org","@graph":[{"@type":"Article","@id":"https:\/\/vakantiefestival.com\/en\/acoya-curacao-brings-the-caribbean-charm-to-the-holiday-festival\/#article","isPartOf":{"@id":"https:\/\/vakantiefestival.com\/en\/acoya-curacao-brings-the-caribbean-charm-to-the-holiday-festival\/"},"author":{"name":"Vakantie Festival","@id":"https:\/\/vakantiefestival.com\/en\/#\/schema\/person\/c1a86f56f3c1a1b1498f9cdffbe17688"},"headline":"Acoya Cura\u00e7ao brings the Caribbean charm to the Holiday Festival","datePublished":"2026-01-21T14:51:39+00:00","mainEntityOfPage":{"@id":"https:\/\/vakantiefestival.com\/en\/acoya-curacao-brings-the-caribbean-charm-to-the-holiday-festival\/"},"wordCount":476,"commentCount":0,"publisher":{"@id":"https:\/\/vakantiefestival.com\/en\/#organization"},"image":{"@id":"https:\/\/vakantiefestival.com\/en\/acoya-curacao-brings-the-caribbean-charm-to-the-holiday-festival\/#primaryimage"},"thumbnailUrl":"https:\/\/vakantiefestival.com\/wp-content\/uploads\/2026\/01\/Vakantie-Festival-TM-12-1.png","articleSection":["Caribbean"],"inLanguage":"en-US","potentialAction":[{"@type":"CommentAction","name":"Comment","target":["https:\/\/vakantiefestival.com\/en\/acoya-curacao-brings-the-caribbean-charm-to-the-holiday-festival\/#respond"]}]},{"@type":"WebPage","@id":"https:\/\/vakantiefestival.com\/en\/acoya-curacao-brings-the-caribbean-charm-to-the-holiday-festival\/","url":"https:\/\/vakantiefestival.com\/en\/acoya-curacao-brings-the-caribbean-charm-to-the-holiday-festival\/","name":"Acoya Cura\u00e7ao brings the Caribbean charm to the Holiday Festival - Vakantie Festival 2026","isPartOf":{"@id":"https:\/\/vakantiefestival.com\/en\/#website"},"primaryImageOfPage":{"@id":"https:\/\/vakantiefestival.com\/en\/acoya-curacao-brings-the-caribbean-charm-to-the-holiday-festival\/#primaryimage"},"image":{"@id":"https:\/\/vakantiefestival.com\/en\/acoya-curacao-brings-the-caribbean-charm-to-the-holiday-festival\/#primaryimage"},"thumbnailUrl":"https:\/\/vakantiefestival.com\/wp-content\/uploads\/2026\/01\/Vakantie-Festival-TM-12-1.png","datePublished":"2026-01-21T14:51:39+00:00","breadcrumb":{"@id":"https:\/\/vakantiefestival.com\/en\/acoya-curacao-brings-the-caribbean-charm-to-the-holiday-festival\/#breadcrumb"},"inLanguage":"en-US","potentialAction":[{"@type":"ReadAction","target":["https:\/\/vakantiefestival.com\/en\/acoya-curacao-brings-the-caribbean-charm-to-the-holiday-festival\/"]}]},{"@type":"ImageObject","inLanguage":"en-US","@id":"https:\/\/vakantiefestival.com\/en\/acoya-curacao-brings-the-caribbean-charm-to-the-holiday-festival\/#primaryimage","url":"https:\/\/vakantiefestival.com\/wp-content\/uploads\/2026\/01\/Vakantie-Festival-TM-12-1.png","contentUrl":"https:\/\/vakantiefestival.com\/wp-content\/uploads\/2026\/01\/Vakantie-Festival-TM-12-1.png","width":750,"height":420,"caption":"Acoya Cura\u00e7ao brengt de Caribische charme naar het Vakantie Festival"},{"@type":"BreadcrumbList","@id":"https:\/\/vakantiefestival.com\/en\/acoya-curacao-brings-the-caribbean-charm-to-the-holiday-festival\/#breadcrumb","itemListElement":[{"@type":"ListItem","position":1,"name":"Home","item":"https:\/\/vakantiefestival.com\/en\/holiday-festival-2026\/"},{"@type":"ListItem","position":2,"name":"Acoya Cura\u00e7ao brings the Caribbean charm to the Holiday Festival"}]},{"@type":"WebSite","@id":"https:\/\/vakantiefestival.com\/en\/#website","url":"https:\/\/vakantiefestival.com\/en\/","name":"Vakantie Festival 2026","description":"Ontsnap naar een wereld van inspiratie","publisher":{"@id":"https:\/\/vakantiefestival.com\/en\/#organization"},"potentialAction":[{"@type":"SearchAction","target":{"@type":"EntryPoint","urlTemplate":"https:\/\/vakantiefestival.com\/en\/?s={search_term_string}"},"query-input":{"@type":"PropertyValueSpecification","valueRequired":true,"valueName":"search_term_string"}}],"inLanguage":"en-US"},{"@type":"Organization","@id":"https:\/\/vakantiefestival.com\/en\/#organization","name":"Vakantie Festival 2026","url":"https:\/\/vakantiefestival.com\/en\/","logo":{"@type":"ImageObject","inLanguage":"en-US","@id":"https:\/\/vakantiefestival.com\/en\/#\/schema\/logo\/image\/","url":"https:\/\/vakantiefestival.com\/wp-content\/uploads\/2024\/12\/Vakantie-Festival-exposanten-logoTekengebied-9-kopie-100.png","contentUrl":"https:\/\/vakantiefestival.com\/wp-content\/uploads\/2024\/12\/Vakantie-Festival-exposanten-logoTekengebied-9-kopie-100.png","width":1135,"height":1135,"caption":"Vakantie Festival 2026"},"image":{"@id":"https:\/\/vakantiefestival.com\/en\/#\/schema\/logo\/image\/"},"sameAs":["https:\/\/www.facebook.com\/VakantieFestivalNL","https:\/\/www.linkedin.com\/company\/vakantie-festival\/","https:\/\/www.instagram.com\/vakantiefestival\/"],"description":"Welkom bij het Vakantie Festival, het meest vernieuwende reisevenement van Nederland! Van donderdag 5 tot en met zaterdag 7 februari 2026 worden de Brabanthallen in 's-Hertogenbosch omgetoverd tot een magische plek waar jouw vakantieplannen tot leven komen.","email":"info@vakantiefestival.com","telephone":"+0854868541","legalName":"Vakantie Festival","numberOfEmployees":{"@type":"QuantitativeValue","minValue":"1","maxValue":"10"}},{"@type":"Person","@id":"https:\/\/vakantiefestival.com\/en\/#\/schema\/person\/c1a86f56f3c1a1b1498f9cdffbe17688","name":"Vakantie Festival","image":{"@type":"ImageObject","inLanguage":"en-US","@id":"https:\/\/vakantiefestival.com\/wp-content\/uploads\/2025\/06\/vakantie-festival_avatar-96x96.png","url":"https:\/\/vakantiefestival.com\/wp-content\/uploads\/2025\/06\/vakantie-festival_avatar-96x96.png","contentUrl":"https:\/\/vakantiefestival.com\/wp-content\/uploads\/2025\/06\/vakantie-festival_avatar-96x96.png","caption":"Vakantie Festival"},"description":"Door de mensen van Het Vakantie Festival. We delen hier inspiratie, tips en behind-the-scenes. Voor iedereen die zin heeft in vakantie, het hele jaar door. Volg ons op weg naar het mooiste reisevenement van 2026!","sameAs":["https:\/\/www.facebook.com\/VakantieFestivalNL","https:\/\/www.instagram.com\/vakantiefestival\/","https:\/\/www.linkedin.com\/company\/106009897\/admin\/dashboard\/"],"url":"https:\/\/vakantiefestival.com\/en\/company\/vakantie-festival\/"}]}},"_links":{"self":[{"href":"https:\/\/vakantiefestival.com\/en\/wp-json\/wp\/v2\/posts\/4970","targetHints":{"allow":["GET"]}}],"collection":[{"href":"https:\/\/vakantiefestival.com\/en\/wp-json\/wp\/v2\/posts"}],"about":[{"href":"https:\/\/vakantiefestival.com\/en\/wp-json\/wp\/v2\/types\/post"}],"author":[{"embeddable":true,"href":"https:\/\/vakantiefestival.com\/en\/wp-json\/wp\/v2\/users\/6"}],"replies":[{"embeddable":true,"href":"https:\/\/vakantiefestival.com\/en\/wp-json\/wp\/v2\/comments?post=4970"}],"version-history":[{"count":0,"href":"https:\/\/vakantiefestival.com\/en\/wp-json\/wp\/v2\/posts\/4970\/revisions"}],"wp:featuredmedia":[{"embeddable":true,"href":"https:\/\/vakantiefestival.com\/en\/wp-json\/wp\/v2\/media\/4962"}],"wp:attachment":[{"href":"https:\/\/vakantiefestival.com\/en\/wp-json\/wp\/v2\/media?parent=4970"}],"wp:term":[{"taxonomy":"category","embeddable":true,"href":"https:\/\/vakantiefestival.com\/en\/wp-json\/wp\/v2\/categories?post=4970"},{"taxonomy":"post_tag","embeddable":true,"href":"https:\/\/vakantiefestival.com\/en\/wp-json\/wp\/v2\/tags?post=4970"},{"taxonomy":"type-vakantie","embeddable":true,"href":"https:\/\/vakantiefestival.com\/en\/wp-json\/wp\/v2\/type-vakantie?post=4970"}],"curies":[{"name":"wp","href":"https:\/\/api.w.org\/{rel}","templated":true}]}}